{"id":171,"date":"2020-11-13T08:36:00","date_gmt":"2020-11-13T08:36:00","guid":{"rendered":"http:\/\/probadi.ch\/?p=171"},"modified":"2021-06-04T07:50:40","modified_gmt":"2021-06-04T07:50:40","slug":"oeffnungszeiten-pfingsten","status":"publish","type":"post","link":"https:\/\/probadi.ch\/index.php\/2020\/11\/13\/oeffnungszeiten-pfingsten\/","title":{"rendered":"\u00d6ffnung der Badi"},"content":{"rendered":"\n<p>Die Badi \u00f6ffnet in Folge des k\u00fchlen Wetters am Freitag, 28. Mai 2021 mit den angezeigten \u00d6ffnungszeiten. Wir freuen uns mit Ihnen auf eine sonnenreiche Badesaison. Mit freundlichem Gruss. Vorstand Probadi<\/p>\n","protected":false},"excerpt":{"rendered":"<p>Die Badi \u00f6ffnet in Folge des k\u00fchlen Wetters am Freitag, 28. Mai 2021 mit den angezeigten \u00d6ffnungszeiten. Wir freuen uns mit Ihnen auf eine sonnenreiche Badesaison. Mit freundlichem Gruss. Vorstand Probadi<\/p>\n","protected":false},"author":1,"featured_media":0,"comment_status":"open","ping_status":"closed","sticky":false,"template":"","format":"standard","meta":{"footnotes":""},"categories":[1],"tags":[],"class_list":["post-171","post","type-post","status-publish","format-standard","hentry","category-uncategorized"],"_links":{"self":[{"href":"https:\/\/probadi.ch\/index.php\/wp-json\/wp\/v2\/posts\/171","targetHints":{"allow":["GET"]}}],"collection":[{"href":"https:\/\/probadi.ch\/index.php\/wp-json\/wp\/v2\/posts"}],"about":[{"href":"https:\/\/probadi.ch\/index.php\/wp-json\/wp\/v2\/types\/post"}],"author":[{"embeddable":true,"href":"https:\/\/probadi.ch\/index.php\/wp-json\/wp\/v2\/users\/1"}],"replies":[{"embeddable":true,"href":"https:\/\/probadi.ch\/index.php\/wp-json\/wp\/v2\/comments?post=171"}],"version-history":[{"count":4,"href":"https:\/\/probadi.ch\/index.php\/wp-json\/wp\/v2\/posts\/171\/revisions"}],"predecessor-version":[{"id":178,"href":"https:\/\/probadi.ch\/index.php\/wp-json\/wp\/v2\/posts\/171\/revisions\/178"}],"wp:attachment":[{"href":"https:\/\/probadi.ch\/index.php\/wp-json\/wp\/v2\/media?parent=171"}],"wp:term":[{"taxonomy":"category","embeddable":true,"href":"https:\/\/probadi.ch\/index.php\/wp-json\/wp\/v2\/categories?post=171"},{"taxonomy":"post_tag","embeddable":true,"href":"https:\/\/probadi.ch\/index.php\/wp-json\/wp\/v2\/tags?post=171"}],"curies":[{"name":"wp","href":"https:\/\/api.w.org\/{rel}","templated":true}]}}